{"id":334,"date":"2022-08-27T11:39:00","date_gmt":"2022-08-27T15:39:00","guid":{"rendered":"https:\/\/fundacionpalm.org\/?p=334"},"modified":"2022-08-30T19:55:52","modified_gmt":"2022-08-30T23:55:52","slug":"resumen-fundacion-palm","status":"publish","type":"post","link":"https:\/\/fundacionpalm.org\/index.php\/2022\/08\/27\/resumen-fundacion-palm\/","title":{"rendered":"Rese\u00f1a de la Fundaci\u00f3n Erwin Walter Palm"},"content":{"rendered":"\n<p class=\"wp-block-paragraph\"><strong>Tenemos que recordar\u2026<\/strong><\/p>\n\n\n\n<p class=\"wp-block-paragraph\">A la memoria de Emilio Jos\u00e9 Brea Garc\u00eda<\/p>\n\n\n\n<p class=\"wp-block-paragraph\">\u00bfCu\u00e1ntas instituciones culturales dominicanas han permanecido vigentes m\u00e1s all\u00e1 de veinte a\u00f1os?, \u00bfcu\u00e1ntas han estado libre de divisiones y sectarismos, de denuncias y bajezas humanas?, \u00bfcu\u00e1ntas han hecho tanto sin recursos disponibles?, \u00bfcu\u00e1ntas han sido independientes de tendencias pol\u00edticas, de seguimiento a personajes pol\u00edticos o a empresarios espec\u00edficos?, \u00bfcu\u00e1ntas han marcado primac\u00edas en la realizaci\u00f3n de eventos con la tecnolog\u00eda de punta, con el formato novedoso y con el contenido cuidadosamente seleccionado?, \u00bfcu\u00e1ntas tiene una diversidad en sus miembros que sostiene la riqueza de las ideas y la identificaci\u00f3n de un espacio para debatir abiertamente?, \u00bfcu\u00e1ntas han cuidado la entrada de personajes que podr\u00edan debilitar en ambiente sostenido durante tanto tiempo?, \u00bfcu\u00e1ntas han producido resultados s\u00f3lidos con sus memorias, publicaciones, participaci\u00f3n y apoyo?, \u00bfcu\u00e1ntas pueden mostrar una trayectoria \u00e9tica y moral ejemplar, alejada de intereses extra\u00f1os y siempre al servicio de un ideal de contribuci\u00f3n al desarrollo intelectual del pa\u00eds?<\/p>\n\n\n\n<!--more-->\n\n\n\n<p class=\"wp-block-paragraph\">Cuando \u00e9ramos m\u00e1s j\u00f3venes cre\u00edamos en accionar desde nuestro espacio para un mejor porvenir. Al cabo del tiempo, cuando ya el porvenir se ha hecho presente, seguimos creyendo, seguimos deseosos de que el tiempo nos d\u00e9 permiso para cumplir con las tareas pendientes. Son momentos de reafirmaci\u00f3n y de compromiso con el pa\u00eds. No queremos que nuestra generaci\u00f3n forme parte de la indiferencia y desanimo que no garantiza nada positivo.<\/p>\n\n\n\n<p class=\"wp-block-paragraph\">Si alguno de nosotros se ha cuestionado para qu\u00e9 forma parte de este grupo es porque creemos en la convicci\u00f3n de todos sus miembros sobre sus responsabilidades profesionales y sociales. Nos mueve el bien com\u00fan y la \u00e9tica. &nbsp;<\/p>\n\n\n\n<p class=\"wp-block-paragraph\">Asumimos el nombre de <em>Erwin Walter Palm<\/em> (1910-1988) para la instituci\u00f3n como reconocimiento a sus importantes aportes para la arquitectura patrimonial dominicana. Sus investigaciones fueron fundamentales para el sostenimiento del programa de rescate de los elementos representativos de la arquitectura tradicional dominicana, en particular la del per\u00edodo colonial. Luego descubrimos la grandeza de <em>Hilde Domin <\/em>(1909-2006), su esposa, historiadora del arte y&nbsp; fot\u00f3grafa, quien se inici\u00f3 como poeta en suelo dominicano y se convirti\u00f3 en un referente de las letras alemanas del siglo XX.<\/p>\n\n\n\n<p class=\"wp-block-paragraph\">Repasar la trayectoria de esta Fundaci\u00f3n podr\u00eda conducir a omisiones involuntarias. De las cosas que hemos hecho y que recordamos citamos algunas: en 1995 se cre\u00f3 la <em>C\u00e1tedra Magistral Erwin Walter Palm<\/em> en la Escuela de Arquitectura de la Universidad Nacional Pedro Henr\u00edquez Ure\u00f1a, dentro de la asignatura Teor\u00eda de la Arquitectura. Se organiz\u00f3 el <em>Primer Seminario Erwin Walter Palm<\/em> con invitados a las aulas. A fines de ese a\u00f1o se organiz\u00f3 el segundo seminario en la que todas las asignaturas del \u00e1rea de historia y teor\u00eda de la Escuela organizaron investigaciones y exposiciones que fueron mostradas en un congreso internacional en la Universidad Michoacana San Nicol\u00e1s de Hidalgo, Morelia, M\u00e9xico.<\/p>\n\n\n\n<p class=\"wp-block-paragraph\">En 1997, se organiz\u00f3 en el edificio del Conservatorio Nacional de M\u00fasica, el <em>Tercer Seminario Erwin Walter Palm de Arquitectura y Urbanismo de Am\u00e9rica Latina y el Caribe<\/em>, bajo el t\u00edtulo <em>En torno al entorno com\u00fan<\/em>. <em>Intenciones, referencias y autorreferencias en la arquitectura de Am\u00e9rica Latina y el Caribe<\/em>, con la participaci\u00f3n de figuras como Ignasi de Sol\u00e1 Morales, Luis Flores, Juvenal Baracco, Rafael Emilio Yun\u00e9n, Ram\u00f3n Guti\u00e9rrez y Eugenio P\u00e9rez Mont\u00e1s. Luego de esta experiencia se crea la Fundaci\u00f3n Erwin Walter Palm, formada por Jos\u00e9 Enrique Delmonte, Jordi Masalles, Gamal Michel\u00e9n y Giovanna Riggio. Una publicaci\u00f3n de las memorias de ese evento recogi\u00f3 la experiencia de las charlas y talleres.<\/p>\n\n\n\n<p class=\"wp-block-paragraph\">En 2001, se realiz\u00f3 la cuarta versi\u00f3n del <em>Seminario Erwin Walter Palm de Arquitectura y Urbanismo de Am\u00e9rica Latina y el Caribe<\/em>, con el t\u00edtulo <em>Enlaces\/Links\/Liens<\/em>, en el auditorio Eduardo Latorre de la Canciller\u00eda, con la participaci\u00f3n de Susana Torre, Abraham Zabludovsky, Jos\u00e9 Mar\u00eda Torres Nadal, Didier Dominique, Miguel D\u2019Mena y Teddy Cruz.<\/p>\n\n\n\n<p class=\"wp-block-paragraph\">Las conversaciones con la Junta de Andaluc\u00eda, Espa\u00f1a para la investigaci\u00f3n de la <em>Gu\u00eda de Arquitectura de Santo Domingo<\/em>, dentro del programa de gu\u00edas de ciudades hist\u00f3ricas iberoamericanas de la Consejer\u00eda de Obras P\u00fablicas y Transportes, se iniciaron en 2001. La Gu\u00eda fue publicada en 2006 con un acto en Sevilla y otro en Santo Domingo. La redacci\u00f3n e investigaci\u00f3n de la Gu\u00eda estuvo a cargo de Jos\u00e9 Enrique Delmonte, Mauricia Dom\u00ednguez, Linda Mar\u00eda Roca, Emilio Jos\u00e9 Brea y Risoris Silvestre, con la asistencia de Bianca Damiano, Claudia Mercedes, Jorge Marte, Francisco Seto y Ana Mar\u00eda Terrero, correcciones de Julia Vicioso, fotograf\u00edas de Eddy Guzm\u00e1n y Adolfo Despradel, adem\u00e1s de fotos donadas por Stefano Topuntoli, Risoris Silvestre, Cristina Hern\u00e1ndez, Francisco Manosalvas, Bichara Khoury y Heriberto Duverger, documentaci\u00f3n urbana por M\u00f3nika S\u00e1nchez, Michelle Valdez, levantamientos de estudiantes de arquitectura de la UASD, UNIBE y UNPHU y dos ensayos del Faro a Col\u00f3n por Ant\u00f3n Capitel y Emilio Jos\u00e9 Brea. La traducci\u00f3n al ingl\u00e9s fue de Judith Wilcox y la direcci\u00f3n de la publicaci\u00f3n estuvo a cargo del arquitecto Heriberto Duverger, con la asistencia de Diego Gal\u00e1n y Nicol\u00e1s Ram\u00edrez. El apoyo institucional dominicano estuvo a cargo del Consejo Nacional de Asuntos Urbanos, bajo la direcci\u00f3n del arquitecto Augusto S\u00e1nchez Cernuda; y luego se incorporaron la Universidad Nacional Pedro Henr\u00edquez Ure\u00f1a, el Ministerio de Cultura y el Ayuntamiento del Distrito Nacional.<\/p>\n\n\n\n<p class=\"wp-block-paragraph\">En ese a\u00f1o de 2001 se crearon los <em>estatutos de la Fundaci\u00f3n<\/em> y se incorpor\u00f3 bajo la ley de organizaciones sin fines de lucro de la Rep\u00fablica Dominicana, para lo cual se ampli\u00f3 el n\u00famero de miembros con Lourdes Periche, Elizardo Ruiz, Mauricia Dom\u00ednguez e Hilde Domin como Presidente de Honor. M\u00e1s adelante se incorporaron Linda Mar\u00eda Roca, Risoris Silvestre, Emilio Jos\u00e9 Brea, Constantinos Saliaris, Bianca Damiano, Eric Michel\u00e9n Stefan, Luis Jos\u00e9 Polanco, Claudia Mercedes, Gerardo Terrero, Ana Mar\u00eda F\u00e9lix, Richard Benoit, Juan Mubarak, Jorge Marte, C\u00e9sar Payamps, Gustavo Ubr\u00ed, Julia Vicioso, Jos\u00e9 Luis Aybar y Elmer Gonz\u00e1lez.&nbsp; En a\u00f1os posteriores se sumaron como miembros Alex Mart\u00ednez Su\u00e1rez, Atilio Le\u00f3n Garrido, Raulina Capell\u00e1n, C\u00e9sar Al Mart\u00ednez, Eric Yamil Michel\u00e9n y Lisbeth Balaguer. El n\u00famero de miembros se ha fijado en veinticinco, y se ha creado una categor\u00eda de <em>Miembros Colaboradores<\/em> para todos los interesados de los programas de la Fundaci\u00f3n y que se sumen como amigos de la Instituci\u00f3n con el fin de contribuir con sus objetivos.<\/p>\n\n\n\n<p class=\"wp-block-paragraph\">En 2004 la Fundaci\u00f3n recibi\u00f3 en donaci\u00f3n de Hilde Domin, bajo la gesti\u00f3n de Miguel De Mena, la <em>m\u00e1scara mortuoria de Erwin Walter Palm<\/em>. La m\u00e1scara fue realizada en yeso y con el cuidado de Gamal Michel\u00e9n se hizo una versi\u00f3n en bronce, la cual fue donada en acto solemne a la Academia Dominicana de la Historia, donde permanece en exhibici\u00f3n.<\/p>\n\n\n\n<p class=\"wp-block-paragraph\">El rescate de las bienales de arquitectura de Santo Domingo se produjo en 2006 con un esfuerzo conjunto entre el Grupo Nuevarquitectura, el Ministerio de Cultura y la Fundaci\u00f3n Erwin Walter Palm, con el cual se realiz\u00f3 la <em>8va. Bienal Internacional de Arquitectura de Santo Domingo<\/em>, en el Museo de Arte Moderno.<\/p>\n\n\n\n<p class=\"wp-block-paragraph\">En 2008, participamos de la organizaci\u00f3n de la <em>Exposici\u00f3n Arte Sacro La Altagracia<\/em> junto a la Asociaci\u00f3n Iberoamericana para el Desarrollo y la Cooperaci\u00f3n de la Artesan\u00eda (AIDECA), el Grupo de Investigaciones Antropol\u00f3gicas (GRIOTT), el Comit\u00e9 Dominicano del ICOMOS y el Programa APEC Cultural. El evento estuvo coordinado por Virginia Roca Pezzotti y participaron Mauricia Dom\u00ednguez y Jos\u00e9 Enrique Delmonte.<\/p>\n\n\n\n<p class=\"wp-block-paragraph\">En 2009, la Fundaci\u00f3n Erwin Walter Palm public\u00f3 el libro <em>60 a\u00f1os edificados. Memorias para la construcci\u00f3n de la naci\u00f3n<\/em>, bajo los auspicios de la empresa Industrias Nacionales (INCA), con ensayos de Emilio Jos\u00e9 Brea, Gamal Michel\u00e9n, Risoris Silvestre y Jos\u00e9 Enrique Delmonte. Las fotograf\u00edas estuvieron a cargo de C\u00e9sar Payamps, Jorge Marte, Francisco Manosalvas y Maribel \u00c1lvarez; retoques digitales de Valent\u00edn Valera y Tissor Payamps; correcci\u00f3n de estilo de Alejandro Castelli y dise\u00f1o y cuidado de la impresi\u00f3n en manos de Lourdes Periche. El libro recibi\u00f3 el <em>Premio de la Cr\u00edtica<\/em> 2008 otorgado por la Asociaci\u00f3n Dominicana de Cr\u00edticos de Arte (ADCA\/AICA) y el <em>Segundo Premio<\/em> categor\u00eda Teor\u00eda de la Arquitectura en la X Bienal Internacional de Arquitectura de Santo Domingo, 2010.<\/p>\n\n\n\n<p class=\"wp-block-paragraph\">En agosto de 2009 la Fundaci\u00f3n Erwin Walter Palm prepar\u00f3 la conferencia <em>Arquitectura y Medioambiente: ciudades sostenibles<\/em>, a cargo del arquitecto y urbanista brasile\u00f1o, de referencia mundial, Jaime Lerner, en el Hotel Hilton en Santo Domingo. Se cont\u00f3 con el apoyo del Ministerio de Medio Ambiente y Recursos Naturales.<\/p>\n\n\n\n<p class=\"wp-block-paragraph\">Ese mismo a\u00f1o se realiz\u00f3 el <em>Primer Congreso Internacional de ciudades caribe\u00f1as a bordo del crucero Costa Atl\u00e1ntica<\/em>, en el que se debati\u00f3 sobre la historia com\u00fan y se visitaron las islas de Guadalupe, Saint Marteen, Antigua y Barbuda y Santa Luc\u00eda, con la participaci\u00f3n de un nutrido grupo de arquitectos de la regi\u00f3n.<\/p>\n\n\n\n<p class=\"wp-block-paragraph\">Cuando la ciudad de Santo Domingo fue seleccionada en 2010 como Capital Americana de la Cultura, La Fundaci\u00f3n organiz\u00f3 las <em>Rutas de la Arquitectura<\/em>, un exitoso programa de 5 rutas por la ciudad que inclu\u00eda la Ruta Colonial, Ruta Gascue, Ruta Contempor\u00e1nea, Ruta de las Torres y la Ruta de los bordes de la ciudad, en las que los cientos de participantes disfrutaron de explicaciones de los miembros de la Fundaci\u00f3n.<\/p>\n\n\n\n<p class=\"wp-block-paragraph\">En ese mismo a\u00f1o se realiz\u00f3 el seminario <em>Hacia una arquitectura verde<\/em>, donde se habl\u00f3 por primera vez del c\u00f3digo LEED en Rep\u00fablica Dominicana, con conferencias de Joao Diniz, de Brasil, Eduardo Vald\u00e9s, de Puerto Rico y Richard Moreta, de Rep\u00fablica Dominicana, con el auspicio del Ministerio de Medio Ambiente y Recursos Naturales. En ese evento la Fundaci\u00f3n redact\u00f3 el <em>Manifiesto Verde de Santo Domingo<\/em>, primero en su g\u00e9nero.<\/p>\n\n\n\n<p class=\"wp-block-paragraph\">En septiembre de 2010 se realiz\u00f3 en Atlanta, Georgia, el curso <em>Arquitectura Sostenible y Programa LEED 2010<\/em>, organizados junto a Academia Urbana (AU) y los auspicios de Southface Institute, University of Georgia y Green Spaces, todos coordinados por Jos\u00e9 Luis Aybar.<\/p>\n\n\n\n<p class=\"wp-block-paragraph\">En diciembre de 2010, la Fundaci\u00f3n fue reconocida en el <em>V Festival de la Calle Hostos<\/em>, por \u201csu labor cient\u00edfica, arquitect\u00f3nica y literaria\u201d, otorgado por su presidente V\u00edctor V\u00edctor y el coordinador general Teo Terrero. El acto se celebr\u00f3 en la plazoleta fray Bartolom\u00e9 de las Casas, en la Ciudad Colonial de Santo Domingo.<\/p>\n\n\n\n<p class=\"wp-block-paragraph\">Entre octubre de 2009 y octubre de 2010, la Fundaci\u00f3n Erwin Walter Palm desarroll\u00f3 su programa <em>12 trayectorias y un camino<\/em>, que abarc\u00f3 la selecci\u00f3n de doce arquitectos dominicanos de la Segunda Generaci\u00f3n a los cuales se les investig\u00f3 su vida y su obra y se realizaron entrevistas en vivo, una por mes, durante todo un a\u00f1o. En esa oportunidad se reconoci\u00f3 a Rafael Tom\u00e1s Hern\u00e1ndez, Eugenio P\u00e9rez Mont\u00e1s, Manuel Salvador Gautier, Cuqui Batista, Luis Eduardo Delgado, Diana La Paix, Erwin Cott, Leopoldo Espaillat Nanita, Francisco Camarena, William Reid Cabral, C\u00e9sar Iv\u00e1n Feris Iglesias y V\u00edctor Bison\u00f3, a quienes se les declar\u00f3 Miembros de Honor de la Fundaci\u00f3n Erwin Walter Palm. Los eventos se realizaron en el Centro Cultural de Espa\u00f1a, el auditorio de la PUCMM, recinto Santiago y el auditorio de la UNPHU, en Santo Domingo. El dise\u00f1o gr\u00e1fico del programa estuvo a cargo de Arquitexto y cont\u00f3 con el apoyo del Centro Cultural de Espa\u00f1a y Arquitrabe.<\/p>\n\n\n\n<p class=\"wp-block-paragraph\">Entre febrero y abril de 2011 se realiz\u00f3 la primera versi\u00f3n de la <em>C\u00e1tedra Huella sobre la Ciudad Primada<\/em>, conferencias sobre sociolog\u00eda urbana dictadas por Ana Fern\u00e1ndez, C\u00e9sar P\u00e9rez, Carlos And\u00fajar, Amparo Chantada, Jaime Moreno, Cuqui Batista y Leopoldo Franco. El evento se produjo en el auditorio de UNIBE. La segunda versi\u00f3n de la <em>C\u00e1tedra Huella sobre la Ciudad Primada<\/em> se realiz\u00f3 en septiembre y noviembre de 2011, con la participaci\u00f3n de M\u00f3nika S\u00e1nchez, Hamlet Hermann, Emilio Jos\u00e9 Brea, Crist\u00f3bal Valdez, Jaime Gracia, Risoris Silvestre, Rossy D\u00edaz, Teresa Guerrero, Dorrejo, Carla Grull\u00f3n, Shaolin Sant-Hilarie, Patricia De Moya, Nicole Rodr\u00edguez y Vanessa Espaillat.<\/p>\n\n\n\n<p class=\"wp-block-paragraph\">De igual modo, la Asociaci\u00f3n Dominicana de Cr\u00edticos de Arte (ADCA), adscrita a la Asociaci\u00f3n Internacional de Cr\u00edticos de Arte (AIDCA) entreg\u00f3 dos reconocimientos a la Fundaci\u00f3n Erwin Walter Palm.&nbsp; El primero por \u201csu dedicaci\u00f3n al estudio, investigaci\u00f3n, divulgaci\u00f3n y promoci\u00f3n del patrimonio cultural y natural con especial inter\u00e9s en la arquitectura, el urbanismo y la conservaci\u00f3n en la Rep\u00fablica Dominicana. El segundo correspondi\u00f3 al <em>Premio Especial de la Cr\u00edtica 2010<\/em> a 12 trayectorias y un camino. Coloquios para la historia de la arquitectura dominicana. El acto se celebr\u00f3 el 29 de noviembre de 2011.<\/p>\n\n\n\n<p class=\"wp-block-paragraph\">Entre octubre y noviembre de 2012, se realiz\u00f3 el ciclo de charlas <em>Flujos, hablemos de tr\u00e1nsito en la ciudad de Santo Domingo<\/em>, con la participaci\u00f3n de Fernando \u00c1lvarez Bogaert, Jos\u00e9 del Castillo Savi\u00f1\u00f3n, Milc\u00edades P\u00e9rez Polanco, Andr\u00e9s Navarro y Luis Guzm\u00e1n. Fue el primer acercamiento de la Fundaci\u00f3n al tema de la movilidad en Santo Domingo, realizado en UNIBE.<\/p>\n\n\n\n<p class=\"wp-block-paragraph\">En 2013 se realiz\u00f3 el primer <em>Seminario Internacional sobre Movilidad Urbana<\/em>, en coordinaci\u00f3n con el Instituto Tecnol\u00f3gico de Santo Domingo (INTEC), en el que participaron los expertos coreanos en movilidad urbana Jooheon Lee y Jin-Young Kim, adem\u00e1s del diputado Tob\u00edas Crespo, de la Comisi\u00f3n de Transporte de la C\u00e1mara de Diputados. En ese seminario se toc\u00f3, por primera vez, la aplicaci\u00f3n de tecnolog\u00eda de la informaci\u00f3n para el mejoramiento de la movilidad en la ciudad de Santo Domingo bajo un programa de tr\u00e1nsito inteligente.<\/p>\n\n\n\n<p class=\"wp-block-paragraph\">Una segunda versi\u00f3n del seminario se realiz\u00f3 en 2017 en el Centro Indotel de las Telecomunicaciones, con ponencias de Kyoungwan Lee y Jin-Young Kim, adem\u00e1s de C\u00e9sar P\u00e9rez, Luis Jos\u00e9 Polanco, Am\u00edn Abel, Omar Rancier, Erick Dorrejo y Fabricio G\u00f3mez Mazara. El evento cont\u00f3 con el respaldo del Instituto Dominicano de las Telecomunicaciones. Las conclusiones de este seminario y el <em>Estudio para la Movilidad Urbana de la ciudad de Santo Domingo. Hacia una ciudad inteligente<\/em>, realizado por la Fundaci\u00f3n, fueron entregadas a la directora del reci\u00e9n creado Instituto Dominicano de Tr\u00e1nsito y Transporte (INTRANT), Claudia Francesca de los Santos como forma de contribuci\u00f3n al mejoramiento de la movilidad en la ciudad.<\/p>\n\n\n\n<p class=\"wp-block-paragraph\">La Fundaci\u00f3n Erwin Walter Palm organiz\u00f3 en diciembre de 2013 un homenaje al <em>Grupo Nuevarquitectura a treinta y cuatro a\u00f1os de su fundaci\u00f3n<\/em>. Fue la \u00faltima vez que se reunieron sus fundadoras F\u00e1tima Karam, Angelita Burgos, Edda Grull\u00f3n, Nouris Bello y Sheila L\u00f3pez y los que se convirtieron luego en l\u00edderes del grupo, Omar Rancier y Emilio Jos\u00e9 Brea, en los salones de Spectro Lighting Group. Fue el \u00faltimo homenaje en vida a Emilio Jos\u00e9 Brea, quien fallecer\u00eda poco tiempo despu\u00e9s.<\/p>\n\n\n\n<p class=\"wp-block-paragraph\">Ese mismo a\u00f1o se realiz\u00f3 el evento <em>Arquitectura y literatura: la ciudad del Ozama en las letras dominicanas<\/em><em>, <\/em>con la participaci\u00f3n de Marcio Veloz Maggiolo, Manuel Salvador Gautier, Erwin Cott y Jos\u00e9 Enrique Delmonte. Fue realizado en el Museo de las Casas Reales y cont\u00f3 con el apoyo de la Direcci\u00f3n de Gesti\u00f3n Literaria del Ministerio de Cultura, dirigido por el escritor Basilio Belliard.<\/p>\n\n\n\n<p class=\"wp-block-paragraph\">En 2014 la Fundaci\u00f3n realiz\u00f3 la <em>Primera Mesa Acad\u00e9mica sobre Semi\u00f3tica<\/em>, en el auditorio de UNIBE, con temas de Arquitectura, Interiorismo, Publicidad, Literatura, Moda y Cine. Participaron Jos\u00e9 Mar\u00eda Paz Gago, vicepresidente de la Asociaci\u00f3n Internacional de Estudios Semi\u00f3ticos (IASS), Basilio Rodr\u00edguez Ca\u00f1ada, Odal\u00eds G. P\u00e9rez, Irene P\u00e9rez Guerra, Pedro Ure\u00f1a Rib, Lorena Tezanos, Pablo Olivier Batista, Manuel Garc\u00eda Cartagena, Amelia Soto, Onofre de la Rosa y Jos\u00e9 Enrique Delmonte. Como resultado de ese encuentro se fund\u00f3 la Sociedad Dominicana de Estudios Semi\u00f3ticos, con Odal\u00eds G. P\u00e9rez a la cabeza.<\/p>\n\n\n\n<p class=\"wp-block-paragraph\">En diciembre de 2015 se present\u00f3 en la Academia Dominicana de la Historia la conferencia <em>A sesenta a\u00f1os de la Feria de la Paz: nuevas aportaciones para la historia urbana de Santo Domingo<\/em>. Fue el resultado de una investigaci\u00f3n sobre la construcci\u00f3n del centro ferial y sus implicaciones para el desarrollo urbano de la ciudad, realizado por Jos\u00e9 Enrique Delmonte y C\u00e9sar Al Mart\u00ednez.<\/p>\n\n\n\n<p class=\"wp-block-paragraph\">Al conmemorarse el centenario de la fundaci\u00f3n de la Escuela Bauhaus, en 2019, la embajada de Alemania en Rep\u00fablica Dominicana escogi\u00f3 a la Fundaci\u00f3n Erwin Walter Palm para la organizaci\u00f3n de los eventos relativos a la conmemoraci\u00f3n de esa importante fecha. Se organiz\u00f3 <em>La Semana de la Bauhaus<\/em>, con una exposici\u00f3n de fotograf\u00edas, conferencias de la profesora alemana Ulrike Kuch en Santo Domingo y Santiago, as\u00ed como conversatorios e iniciativas particulares de distintas escuelas de arquitectura del pa\u00eds. Junto a Archipi\u00e9lago, Escritura del Espacio, Arquitexto, Archivos de Arquitectura Antillana y Docomomo Dominicano.<\/p>\n\n\n\n<p class=\"wp-block-paragraph\">En medio de la pandemia de 2020, la Fundaci\u00f3n organiz\u00f3 treinta encuentros virtuales de debate, denominados <em>Di\u00e1logos Transversales<\/em>, con el objetivo de reunir profesionales de distintas \u00e1reas para hablar de la ciudad desde diferentes perspectivas. Cada semana se presentaron los temas siguientes: Crisis, peligro y oportunidades; Conversando con el Alc\u00e1zar; Amenazas y oportunidades para vecindarios con valor patrimonial; M\u00fasica y territorio, La ciudad de cara a la singularidad; La arquitectura dominicana vista por la di\u00e1spora; La ciudad en Streaming; Cuando el cine habla de arquitectura; \u00bfKLK ciudad?; La ciudad de boca en boca; La ciudad bajo palabra; \u00bfCu\u00e1l es tu h\u00e1bitat, Caribe?; La ciudad que viste y calza; En nombre de la ley; \u00a1Llueve verde en la ciudad!; Cuando la ciudad es un arte; La ciudad en un clic; Estrategias para la ciudad; \u00a1Esta ciudad es de locos!; \u00bfDe d\u00f3nde t\u00fa eres?; Dios en el territorio; Ciudad para mujeres; Po\u00e9ticas de la ciudad; \u00bfQu\u00e9 hay debajo de esta tierra?; A vuelo de p\u00e1jaro; Anecdotario joven de arquitectura; \u00bfD\u00f3nde vas, Caribe?; La ciudad que compite; \u00a1Cero violencia urbana!; La identidad de una ciudad. Un di\u00e1logo final, como resumen de los treinta anteriores, se denomin\u00f3 \u00bfDe qu\u00e9 hablamos? M\u00e1s de 90 personas participaron en los <em>Di\u00e1logos Transversales<\/em>, tanto del pa\u00eds como del extranjero, los cuales se encuentran a disposici\u00f3n de los interesados en el canal de YouTube de la Fundaci\u00f3n Erwin Walter Palm.<\/p>\n\n\n\n<p class=\"wp-block-paragraph\">En agosto de 2022, el arquitecto y fot\u00f3grafo <em>Pedro Jos\u00e9 Borrell<\/em> ha donado su colecci\u00f3n de fotograf\u00edas de edificios hist\u00f3ricos de la Rep\u00fablica Dominicana. Una carpeta de cerca de ocho mil im\u00e1genes de gran calidad art\u00edstica para que sea divulgada de la mejor manera posible.<\/p>\n\n\n\n<p class=\"wp-block-paragraph\">Docenas de actividades han sido omitidas en este breve recordatorio, como las <em>Tertulias mensuales en la terraza<\/em>, por donde ha pasado docenas de personalidades del mundo de la cultura, el arte, la pol\u00edtica y la sociedad dominicana. Tambi\u00e9n, la Fundaci\u00f3n ha firmado convenios de colaboraci\u00f3n con universidades internacionales y dominicanas, instituciones p\u00fablicas y privadas, con las cuales mantiene un esp\u00edritu de colaboraci\u00f3n permanente.<\/p>\n\n\n\n<p class=\"wp-block-paragraph\">La Fundaci\u00f3n Erwin Walter Palm se define como una instituci\u00f3n sin fines de lucro dedicada a la cultura en su sentido m\u00e1s amplio, con especial inter\u00e9s en el estudio, investigaci\u00f3n, divulgaci\u00f3n y promoci\u00f3n del patrimonio cultural y natural, la arquitectura, el urbanismo, la literatura y la conservaci\u00f3n en la Rep\u00fablica Dominicana, constituida de conformidad con la Ley 122-05 para la regularizaci\u00f3n de las Asociaciones Sin fines de Lucro (ASFL) y su Reglamento de Aplicaci\u00f3n No.40-08.<\/p>\n\n\n\n<p class=\"wp-block-paragraph\">En estos momentos la Fundaci\u00f3n ha reasumido su compromiso con la cultura y la educaci\u00f3n dominicanas, para lo cual ha proyectado organizar actividades, investigaciones y publicaciones. Queda mucho camino por recorrer y nos estamos preparando para eso.<\/p>\n\n\n\n<p class=\"wp-block-paragraph\"><em>27 de agosto de 2022<\/em><\/p>\n\n\n\n<p class=\"wp-block-paragraph\"><em>Jos\u00e9 Enrique Delmonte So\u00f1\u00e9<\/em><em><\/em><\/p>\n\n\n\n<p class=\"wp-block-paragraph\">______________________________________________<\/p>\n\n\n\n<p class=\"wp-block-paragraph\">Enlaces y referencias:<\/p>\n\n\n\n<ul class=\"wp-block-list\"><li><a href=\"https:\/\/fundacionpalm.org\/\">https:\/\/fundacionpalm.org\/<\/a><\/li><li><a href=\"https:\/\/www.facebook.com\/Fundacion-Erwin-Walter-Palm-99321856747\">https:\/\/www.facebook.com\/Fundacion-Erwin-Walter-Palm-99321856747<\/a><\/li><li><a href=\"https:\/\/arquitexto.com\/2019\/03\/100-anos-la-bauhaus\/\">https:\/\/arquitexto.com\/2019\/03\/100-anos-la-bauhaus\/<\/a><\/li><li><a href=\"https:\/\/www.diariolibre.com\/revista\/invitan-a-seminario-internacional-de-movilidad-urbana-en-intec-ODDL389250\">https:\/\/www.diariolibre.com\/revista\/invitan-a-seminario-internacional-de-movilidad-urbana-en-intec-ODDL389250<\/a><\/li><li><a href=\"https:\/\/listindiario.com\/la-vida\/2010\/08\/01\/152892\/rutas-para-conocer-la-arquitectura-de-sd\">https:\/\/listindiario.com\/la-vida\/2010\/08\/01\/152892\/rutas-para-conocer-la-arquitectura-de-sd<\/a><\/li><li><a href=\"https:\/\/www.accionverde.com\/hacia-una-arquitectura-verde-en-republica-dominicana\/\">https:\/\/www.accionverde.com\/hacia-una-arquitectura-verde-en-republica-dominicana\/<\/a><\/li><li><a href=\"http:\/\/rancier-penelope.blogspot.com\/2010_06_13_archive.html\">http:\/\/rancier-penelope.blogspot.com\/2010_06_13_archive.html<\/a><\/li><li><a href=\"https:\/\/www.diariolibre.com\/actualidad\/santo-domingo-entre-la-semitica-y-la-arquitectura-NJDL673871\">https:\/\/www.diariolibre.com\/actualidad\/santo-domingo-entre-la-semitica-y-la-arquitectura-NJDL673871<\/a><\/li><li><a href=\"https:\/\/arquitexto.com\/2011\/02\/catedra-huellas-sobre-la-ciudad-primada\/\">https:\/\/arquitexto.com\/2011\/02\/catedra-huellas-sobre-la-ciudad-primada\/<\/a><\/li><li><a href=\"http:\/\/agendagraficadiaria.blogspot.com\/2011\/11\/catedra-huellas-en-la-ciudad-primada_07.html\">http:\/\/agendagraficadiaria.blogspot.com\/2011\/11\/catedra-huellas-en-la-ciudad-primada_07.html<\/a><\/li><li><a href=\"http:\/\/agendagraficadiaria.blogspot.com\/2011\/10\/catedra-huellas-en-la-ciudad-primada_12.html\">http:\/\/agendagraficadiaria.blogspot.com\/2011\/10\/catedra-huellas-en-la-ciudad-primada_12.html<\/a><\/li><li><a href=\"http:\/\/www.cielonaranja.com\/menaguiarq.htm\">http:\/\/www.cielonaranja.com\/menaguiarq.htm<\/a><\/li><li><a href=\"https:\/\/issuu.com\/arquitexto\/stacks\/d261933618d742a4bf67353c900e9d40\">https:\/\/issuu.com\/arquitexto\/stacks\/d261933618d742a4bf67353c900e9d40<\/a><\/li><li><a href=\"http:\/\/biblioteca.itsc.edu.do\/bib\/7537\">http:\/\/biblioteca.itsc.edu.do\/bib\/7537<\/a><\/li><li><a href=\"http:\/\/aventurasinfantiles.com\/12-trayectorias-y-un-camino.htm\">http:\/\/aventurasinfantiles.com\/12-trayectorias-y-un-camino.htm<\/a><\/li><li><a href=\"https:\/\/hoy.com.do\/anuncian-viii-bienal-internacional-de-arquitectura-de-santo-domingo-2\/\">https:\/\/hoy.com.do\/anuncian-viii-bienal-internacional-de-arquitectura-de-santo-domingo-2\/<\/a><\/li><li><a href=\"https:\/\/www.diariolibre.com\/revista\/8va-bienal-de-arquitectura-en-el-museo-de-arte-moderno-KIDL115690\">https:\/\/www.diariolibre.com\/revista\/8va-bienal-de-arquitectura-en-el-museo-de-arte-moderno-KIDL115690<\/a><\/li><li><a href=\"https:\/\/hoy.com.do\/sobre-la-ciudad-sus-arquitectos-y-la-%C2%93guia-de-arquitectura-de-santo-domingo%C2%94\/\">https:\/\/hoy.com.do\/sobre-la-ciudad-sus-arquitectos-y-la-%C2%93guia-de-arquitectura-de-santo-domingo%C2%94\/<\/a><\/li><li><a href=\"https:\/\/www.diariodigital.com.do\/2007\/01\/31\/pondran-a-circular-la-guia-de-arquitectura-de-santo-domingo.html\">https:\/\/www.diariodigital.com.do\/2007\/01\/31\/pondran-a-circular-la-guia-de-arquitectura-de-santo-domingo.html<\/a><\/li><li><a href=\"https:\/\/arquitexto.com\/biblioteca\/\">https:\/\/arquitexto.com\/biblioteca\/<\/a><\/li><li><a href=\"https:\/\/www.instagram.com\/explore\/tags\/bauhaus100rd\/\">https:\/\/www.instagram.com\/explore\/tags\/bauhaus100rd\/<\/a><\/li><li><a href=\"https:\/\/arquitexto.com\/etiqueta\/bauhaus-100-republica-dominicana\/\">https:\/\/arquitexto.com\/etiqueta\/bauhaus-100-republica-dominicana\/<\/a><\/li><li><a href=\"https:\/\/centroleon.org.do\/semana-bauhaus-en-republica-dominicana-llega-a-santiago\/\">https:\/\/centroleon.org.do\/semana-bauhaus-en-republica-dominicana-llega-a-santiago\/<\/a><\/li><li><a href=\"https:\/\/acento.com.do\/opinion\/los-dialogos-transversales-del-2020-8897239.html\">https:\/\/acento.com.do\/opinion\/los-dialogos-transversales-del-2020-8897239.html<\/a><\/li><li><a href=\"https:\/\/www.diariolibre.com\/actualidad\/grupo-nuevarquitectura-34-aos-despus-BNDL417170\">https:\/\/www.diariolibre.com\/actualidad\/grupo-nuevarquitectura-34-aos-despus-BNDL417170<\/a><\/li><li><a href=\"https:\/\/www.diariodigital.com.do\/2020\/11\/18\/santo-domingo-como-destino.html\">https:\/\/www.diariodigital.com.do\/2020\/11\/18\/santo-domingo-como-destino.html<\/a><\/li><li><a href=\"https:\/\/listindiario.com\/la-vida\/2020\/12\/01\/646541\/identidad-y-tradiciones-en-santo-domingo\">https:\/\/listindiario.com\/la-vida\/2020\/12\/01\/646541\/identidad-y-tradiciones-en-santo-domingo<\/a><\/li><li><a href=\"https:\/\/indotel.gob.do\/noticias\/indotel-anuncia-seminario-para-solucion-tecnologica-al-problema-del-transito-en-la-ciudad-de-santo-domingo\/\">https:\/\/indotel.gob.do\/noticias\/indotel-anuncia-seminario-para-solucion-tecnologica-al-problema-del-transito-en-la-ciudad-de-santo-domingo\/<\/a><\/li><li><a href=\"https:\/\/overseas.mofa.go.kr\/do-es\/brd\/m_5778\/view.do?seq=754540&amp;srchFr=&amp;srchTo=&amp;srchWord=&amp;srchTp=&amp;multi_itm_seq=0&amp;itm_seq_1=0&amp;itm_seq_2=0&amp;company_cd=&amp;company_nm=\">https:\/\/overseas.mofa.go.kr\/do-es\/brd\/m_5778\/view.do?seq=754540&amp;srchFr=&amp;srchTo=&amp;srchWord=&amp;srchTp=&amp;multi_itm_seq=0&amp;itm_seq_1=0&amp;itm_seq_2=0&amp;company_cd=&amp;company_nm=<\/a><\/li><li><a href=\"https:\/\/www.diariolibre.com\/revista\/cultura\/arquitecto-jose-enrique-delmonte-desnuda-la-vulnerabilidad-de-gascue-EG9877622\">https:\/\/www.diariolibre.com\/revista\/cultura\/arquitecto-jose-enrique-delmonte-desnuda-la-vulnerabilidad-de-gascue-EG9877622<\/a><\/li><li><a href=\"https:\/\/www.diariolibre.com\/revista\/inca-pone-en-circulacin-la-obra-60-aos-edificados-IDDL20930\">https:\/\/www.diariolibre.com\/revista\/inca-pone-en-circulacin-la-obra-60-aos-edificados-IDDL20930<\/a><\/li><li><a href=\"https:\/\/buenalectura.wordpress.com\/2009\/11\/16\/premian-libro-60-aos-edificados-memorias-de-la-construccin-de-la-nacin\/\">https:\/\/buenalectura.wordpress.com\/2009\/11\/16\/premian-libro-60-aos-edificados-memorias-de-la-construccin-de-la-nacin\/<\/a><\/li><li><a href=\"https:\/\/listindiario.com\/las-sociales\/2008\/06\/20\/63186\/presentan-libro-60-anos-edificadosnbsp\">https:\/\/listindiario.com\/las-sociales\/2008\/06\/20\/63186\/presentan-libro-60-anos-edificadosnbsp<\/a><\/li><li><a href=\"https:\/\/opacbiblioteca.intec.edu.do\/cgi-bin\/koha\/opac-detail.pl?biblionumber=113851&amp;shelfbrowse_itemnumber=90227\">https:\/\/opacbiblioteca.intec.edu.do\/cgi-bin\/koha\/opac-detail.pl?biblionumber=113851&amp;shelfbrowse_itemnumber=90227<\/a><\/li><li><a href=\"https:\/\/www.diariolibre.com\/actualidad\/grupo-nuevarquitectura-34-aos-despus-BNDL417170\">https:\/\/www.diariolibre.com\/actualidad\/grupo-nuevarquitectura-34-aos-despus-BNDL417170<\/a><\/li><li><a href=\"http:\/\/rancier-penelope.blogspot.com\/2009\/08\/\">http:\/\/rancier-penelope.blogspot.com\/2009\/08\/<\/a><\/li><li><a href=\"http:\/\/www.cielonaranja.com\/nuevarqui.htm\">http:\/\/www.cielonaranja.com\/nuevarqui.htm<\/a><\/li><li><a href=\"https:\/\/www.nacion.com\/ciencia\/bruno-stagno-gano-bienal-dominicana-de-arquitectura\/T4RPBBA5CFF7NG2BNNROYOPA7Y\/story\/\">https:\/\/www.nacion.com\/ciencia\/bruno-stagno-gano-bienal-dominicana-de-arquitectura\/T4RPBBA5CFF7NG2BNNROYOPA7Y\/story\/<\/a><\/li><li><a href=\"https:\/\/www.accionverde.com\/medio-ambiente-auspicia-conferencia-magistral-sobre-ciudades-sostenibles\/\">https:\/\/www.accionverde.com\/medio-ambiente-auspicia-conferencia-magistral-sobre-ciudades-sostenibles\/<\/a><\/li><li><a href=\"https:\/\/hoy.com.do\/erwin-walter-palm-enamorado-de-%C2%93espana-menor%C2%94\/\">https:\/\/hoy.com.do\/erwin-walter-palm-enamorado-de-%C2%93espana-menor%C2%94\/<\/a><\/li><li><a href=\"https:\/\/www.diariodigital.com.do\/2022\/07\/08\/pedro-jose-borrell-dona-coleccion-a-republica-dominicana.html\">https:\/\/www.diariodigital.com.do\/2022\/07\/08\/pedro-jose-borrell-dona-coleccion-a-republica-dominicana.html<\/a><\/li><li><a href=\"https:\/\/hoy.com.do\/festival-de-la-calle-hostos-sera-plaza-fray-bartolome-de-las-casas\/\">https:\/\/hoy.com.do\/festival-de-la-calle-hostos-sera-plaza-fray-bartolome-de-las-casas\/<\/a><\/li><li><a href=\"https:\/\/acento.com.do\/cultura\/pedro-jose-borrell-dona-su-coleccion-de-fotografias-de-edificios-historicos-9079696.html\">https:\/\/acento.com.do\/cultura\/pedro-jose-borrell-dona-su-coleccion-de-fotografias-de-edificios-historicos-9079696.html<\/a><\/li><li><a href=\"https:\/\/imagenesdenuestrahistoria.wordpress.com\/2013\/08\/21\/fundacion-walter-palm-e-idnh-firman-acuerdo\/\">https:\/\/imagenesdenuestrahistoria.wordpress.com\/2013\/08\/21\/fundacion-walter-palm-e-idnh-firman-acuerdo\/<\/a><\/li><li><a href=\"https:\/\/caribbeandigital.net\/fundacion-palm-realiza-su-tertulia-mensual-con-ito-bisono-y-firma-dos-convenios-en-spectro-lighting\/\">https:\/\/caribbeandigital.net\/fundacion-palm-realiza-su-tertulia-mensual-con-ito-bisono-y-firma-dos-convenios-en-spectro-lighting\/<\/a><\/li><li><a href=\"http:\/\/do.globedia.com\/intelectuales-haran-coloquio-ciudad-ozama-letras-dominicanas\">http:\/\/do.globedia.com\/intelectuales-haran-coloquio-ciudad-ozama-letras-dominicanas<\/a><\/li><li><a href=\"https:\/\/listindiario.com\/entretenimiento\/2010\/12\/06\/169098\/la-calle-hostos-se-movio-al-son-de-la-nueva-ola\">https:\/\/listindiario.com\/entretenimiento\/2010\/12\/06\/169098\/la-calle-hostos-se-movio-al-son-de-la-nueva-ola<\/a><\/li><li><a href=\"https:\/\/www.diariolibre.com\/revista\/festival-de-la-calle-hostos-al-son-de-la-nueva-ola-ANDL271045\">https:\/\/www.diariolibre.com\/revista\/festival-de-la-calle-hostos-al-son-de-la-nueva-ola-ANDL271045<\/a><\/li><li><a href=\"https:\/\/elnacional.com.do\/festival-calle-hostos-reconoce-barra-payan\/\">https:\/\/elnacional.com.do\/festival-calle-hostos-reconoce-barra-payan\/<\/a><\/li><li><a href=\"http:\/\/aicadominicana.blogspot.com\/2009\/11\/la-asociacion-dominicana-de-criticos-de.html\">http:\/\/aicadominicana.blogspot.com\/2009\/11\/la-asociacion-dominicana-de-criticos-de.html<\/a><\/li><li><a href=\"https:\/\/arquitecturaavanzada.wordpress.com\/2010\/06\/26\/diplomado-arquitectura-sostenible-y-programa-leed\/\">https:\/\/arquitecturaavanzada.wordpress.com\/2010\/06\/26\/diplomado-arquitectura-sostenible-y-programa-leed\/<\/a><\/li><li><a href=\"https:\/\/arquitexto.com\/2011\/02\/12-trayectorias-y-un-camino\/\">https:\/\/arquitexto.com\/2011\/02\/12-trayectorias-y-un-camino\/<\/a><\/li><li><a href=\"https:\/\/acento.com.do\/opinion\/para-gente-interesada-208118.html\">https:\/\/acento.com.do\/opinion\/para-gente-interesada-208118.html<\/a><\/li><li><a href=\"https:\/\/www.youtube.com\/channel\/UCcGfVjPLSw3P5XWE7_n5XMA\/videos\">https:\/\/www.youtube.com\/channel\/UCcGfVjPLSw3P5XWE7_n5XMA\/videos<\/a><\/li><li><a href=\"https:\/\/fundacionpalm.org\/\">https:\/\/fundacionpalm.org\/<\/a><\/li><li><a href=\"https:\/\/www.facebook.com\/Fundacion-Erwin-Walter-Palm-99321856747\">https:\/\/www.facebook.com\/Fundacion-Erwin-Walter-Palm-99321856747<\/a><\/li><\/ul>\n","protected":false},"excerpt":{"rendered":"<p>Tenemos que recordar\u2026 A la memoria de Emilio Jos\u00e9 Brea Garc\u00eda \u00bfCu\u00e1ntas instituciones culturales dominicanas han permanecido vigentes m\u00e1s all\u00e1 de veinte a\u00f1os?, \u00bfcu\u00e1ntas han estado libre de divisiones y sectarismos, de denuncias y bajezas humanas?, \u00bfcu\u00e1ntas han hecho tanto sin recursos disponibles?, \u00bfcu\u00e1ntas han sido independientes de tendencias pol\u00edticas, de seguimiento a personajes pol\u00edticos [&hellip;]<\/p>\n","protected":false},"author":2,"featured_media":45,"comment_status":"open","ping_status":"open","sticky":false,"template":"","format":"standard","meta":{"footnotes":""},"categories":[11],"tags":[],"class_list":["post-334","post","type-post","status-publish","format-standard","has-post-thumbnail","hentry","category-institucional"],"_links":{"self":[{"href":"https:\/\/fundacionpalm.org\/index.php\/wp-json\/wp\/v2\/posts\/334","targetHints":{"allow":["GET"]}}],"collection":[{"href":"https:\/\/fundacionpalm.org\/index.php\/wp-json\/wp\/v2\/posts"}],"about":[{"href":"https:\/\/fundacionpalm.org\/index.php\/wp-json\/wp\/v2\/types\/post"}],"author":[{"embeddable":true,"href":"https:\/\/fundacionpalm.org\/index.php\/wp-json\/wp\/v2\/users\/2"}],"replies":[{"embeddable":true,"href":"https:\/\/fundacionpalm.org\/index.php\/wp-json\/wp\/v2\/comments?post=334"}],"version-history":[{"count":7,"href":"https:\/\/fundacionpalm.org\/index.php\/wp-json\/wp\/v2\/posts\/334\/revisions"}],"predecessor-version":[{"id":346,"href":"https:\/\/fundacionpalm.org\/index.php\/wp-json\/wp\/v2\/posts\/334\/revisions\/346"}],"wp:featuredmedia":[{"embeddable":true,"href":"https:\/\/fundacionpalm.org\/index.php\/wp-json\/wp\/v2\/media\/45"}],"wp:attachment":[{"href":"https:\/\/fundacionpalm.org\/index.php\/wp-json\/wp\/v2\/media?parent=334"}],"wp:term":[{"taxonomy":"category","embeddable":true,"href":"https:\/\/fundacionpalm.org\/index.php\/wp-json\/wp\/v2\/categories?post=334"},{"taxonomy":"post_tag","embeddable":true,"href":"https:\/\/fundacionpalm.org\/index.php\/wp-json\/wp\/v2\/tags?post=334"}],"curies":[{"name":"wp","href":"https:\/\/api.w.org\/{rel}","templated":true}]}}