{"id":297,"date":"2009-06-05T09:41:00","date_gmt":"2009-06-05T13:41:00","guid":{"rendered":"https:\/\/fundacionpalm.org\/?p=297"},"modified":"2022-08-17T09:45:39","modified_gmt":"2022-08-17T13:45:39","slug":"hacia-una-arquitectura-verde-en-republica-dominicana","status":"publish","type":"post","link":"https:\/\/fundacionpalm.org\/index.php\/2009\/06\/05\/hacia-una-arquitectura-verde-en-republica-dominicana\/","title":{"rendered":"Hacia una arquitectura verde en Rep\u00fablica Dominicana"},"content":{"rendered":"\n<p>La Fundaci\u00f3n Erwin Walter Palm y la Secretar\u00eda de Estado de Medio Ambiente y Recursos Naturales (SEMARENA) realizaron el Seminario de Arquitectura y Medio Ambiente \u00abHacia una arquitectura verde\u00bb, el 3 y 4 de junio de 2009 en Santo Domingo, dentro de la Semana del Medio Ambiente.<\/p>\n\n\n<div class=\"wp-block-image\">\n<figure class=\"aligncenter size-full is-resized\"><img loading=\"lazy\" decoding=\"async\" src=\"https:\/\/fundacionpalm.org\/wp-content\/uploads\/2022\/08\/arquitectura11.jpg\" alt=\"\" class=\"wp-image-298\" width=\"670\" height=\"284\" srcset=\"https:\/\/fundacionpalm.org\/wp-content\/uploads\/2022\/08\/arquitectura11.jpg 590w, https:\/\/fundacionpalm.org\/wp-content\/uploads\/2022\/08\/arquitectura11-300x127.jpg 300w\" sizes=\"auto, (max-width: 670px) 100vw, 670px\" \/><figcaption>\u00a0Jaime David Fern\u00e1ndez Mirabal, secretario de Estado de Medio Ambiente y Recursos Naturales<\/figcaption><\/figure>\n<\/div>\n\n\n<p>Dirigido a profesionales del dise\u00f1o en la construcci\u00f3n, el seminario introduce por primera vez en el pa\u00eds los \u00faltimos criterios que rigen la nueva arquitectura internacional, con especial \u00e9nfasis en Leadership in Energy and Environmental Design (LEED), una de las normativas m\u00e1s completas sobre el tema de arquitectura verde, obligatoria en los Estados Unidos para construir edificaciones.<\/p>\n\n\n\n<p>El presidente de la fundaci\u00f3n, Jos\u00e9 Enrique Delmonte, afirm\u00f3 que en la Rep\u00fablica Dominicana existen pocos edificios que adoptan las normativas de ahorro de energ\u00eda. \u00abLa mayor\u00eda responden a criterios poco relacionados con la arquitectura verde, que abarca la ubicaci\u00f3n del edificio, materiales de construcci\u00f3n, sistemas computarizados, disminuci\u00f3n de ruidos y ahorro de mantenimiento\u00bb.<\/p>\n\n\n\n<p>Explic\u00f3 que desarrollar este tipo de proyectos contribuye a disminuir el consumo de recursos naturales y mitigar el cambio clim\u00e1tico, por lo que estos conceptos deben ser asumidos por las instituciones vinculadas al sector construcci\u00f3n, tales como los arquitectos, Ayuntamientos, las Secretar\u00edas de Estado de Obras P\u00fablicas y Comunicaciones (SEOPC) y Turismo (SECTUR), as\u00ed como el Colegio Dominicano de Ingenieros (CODIA), el Banco Nacional de la Vivienda y las organizaciones que integran la Mesa de la Construcci\u00f3n.<\/p>\n\n\n\n<p>De su lado, Jaime David Fern\u00e1ndez Mirabal, secretario de Estado de Medio Ambiente y Recursos Naturales, dijo que \u00abeste esfuerzo conjunto busca abrir una amplia discusi\u00f3n entre profesionales y acad\u00e9micos sobre la necesidad de integrar m\u00e1s elementos verdes y ecol\u00f3gicos en los dise\u00f1os arquitect\u00f3nicos\u00bb.<\/p>\n\n\n\n<p>Dijo que en los \u00faltimos a\u00f1os las superestructuras han obviado la importancia de preservar el medioambiente y el uso de materiales que pueden resultar menos costosos y m\u00e1s armoniosos con el entorno natural.<\/p>\n\n\n\n<p>El seminario se celebr\u00f3 en el Hotel Embajador y el Jard\u00edn Bot\u00e1nico Nacional con apoyo de Medio Ambiente, instituci\u00f3n que promueve la construcci\u00f3n arm\u00f3nica con los recursos naturales.<\/p>\n\n\n\n<p>Expusieron los destacados arquitectos Joao Diniz, dise\u00f1ador de importantes proyectos verdes en Brasil; Eduardo Vald\u00e9s, de Puerto Rico, miembro del cap\u00edtulo LEED para el Caribe y Richard Moreta, dominicano radicado en los Estados Unidos, con proyectos LEED tanto en Estados Unidos, como Europa y Medio Oriente.<\/p>\n","protected":false},"excerpt":{"rendered":"<p>La Fundaci\u00f3n Erwin Walter Palm y la Secretar\u00eda de Estado de Medio Ambiente y Recursos Naturales (SEMARENA) realizaron el Seminario de Arquitectura y Medio Ambiente \u00abHacia una arquitectura verde\u00bb, el 3 y 4 de junio de 2009 en Santo Domingo, dentro de la Semana del Medio Ambiente. Dirigido a profesionales del dise\u00f1o en la construcci\u00f3n, [&hellip;]<\/p>\n","protected":false},"author":1,"featured_media":298,"comment_status":"open","ping_status":"open","sticky":false,"template":"","format":"standard","meta":{"footnotes":""},"categories":[6,7],"tags":[],"class_list":["post-297","post","type-post","status-publish","format-standard","has-post-thumbnail","hentry","category-eventos","category-publicaciones"],"_links":{"self":[{"href":"https:\/\/fundacionpalm.org\/index.php\/wp-json\/wp\/v2\/posts\/297","targetHints":{"allow":["GET"]}}],"collection":[{"href":"https:\/\/fundacionpalm.org\/index.php\/wp-json\/wp\/v2\/posts"}],"about":[{"href":"https:\/\/fundacionpalm.org\/index.php\/wp-json\/wp\/v2\/types\/post"}],"author":[{"embeddable":true,"href":"https:\/\/fundacionpalm.org\/index.php\/wp-json\/wp\/v2\/users\/1"}],"replies":[{"embeddable":true,"href":"https:\/\/fundacionpalm.org\/index.php\/wp-json\/wp\/v2\/comments?post=297"}],"version-history":[{"count":1,"href":"https:\/\/fundacionpalm.org\/index.php\/wp-json\/wp\/v2\/posts\/297\/revisions"}],"predecessor-version":[{"id":299,"href":"https:\/\/fundacionpalm.org\/index.php\/wp-json\/wp\/v2\/posts\/297\/revisions\/299"}],"wp:featuredmedia":[{"embeddable":true,"href":"https:\/\/fundacionpalm.org\/index.php\/wp-json\/wp\/v2\/media\/298"}],"wp:attachment":[{"href":"https:\/\/fundacionpalm.org\/index.php\/wp-json\/wp\/v2\/media?parent=297"}],"wp:term":[{"taxonomy":"category","embeddable":true,"href":"https:\/\/fundacionpalm.org\/index.php\/wp-json\/wp\/v2\/categories?post=297"},{"taxonomy":"post_tag","embeddable":true,"href":"https:\/\/fundacionpalm.org\/index.php\/wp-json\/wp\/v2\/tags?post=297"}],"curies":[{"name":"wp","href":"https:\/\/api.w.org\/{rel}","templated":true}]}}