{"id":22,"date":"2013-11-14T17:24:00","date_gmt":"2013-11-14T21:24:00","guid":{"rendered":"http:\/\/n.fundacionpalm.org\/index.php\/2022\/08\/01\/la-tertulia-de-noviembre-de-la-fundacion-erwin-walter-palm-dedicada-al-grupo-nuevarquitectura\/"},"modified":"2022-08-17T16:18:23","modified_gmt":"2022-08-17T20:18:23","slug":"la-tertulia-de-noviembre-de-la-fundacion-erwin-walter-palm-dedicada-al-grupo-nuevarquitectura","status":"publish","type":"post","link":"https:\/\/fundacionpalm.org\/index.php\/2013\/11\/14\/la-tertulia-de-noviembre-de-la-fundacion-erwin-walter-palm-dedicada-al-grupo-nuevarquitectura\/","title":{"rendered":"Tertulia de noviembre de la Fundaci\u00f3n Erwin Walter Palm dedicada al Grupo Nuevarquitectura"},"content":{"rendered":"<p>Por primera vez el grupo original de 1979 se presentar\u00f3 en un escenario para compartir sus motivaciones para formar el grupo, sus ideales y compromisos, as\u00ed como las experiencias acumuladas a lo largo de estos treinta y cuatro a\u00f1os de permanencia.<\/p>\n\n<div class=\"wp-block-image\">\n<figure class=\"aligncenter size-full\"><img loading=\"lazy\" decoding=\"async\" width=\"599\" height=\"422\" src=\"https:\/\/fundacionpalm.org\/wp-content\/uploads\/2022\/08\/tertulia6001.jpg\" alt=\"tertulia GNA\" class=\"wp-image-21\" srcset=\"https:\/\/fundacionpalm.org\/wp-content\/uploads\/2022\/08\/tertulia6001.jpg 599w, https:\/\/fundacionpalm.org\/wp-content\/uploads\/2022\/08\/tertulia6001-300x211.jpg 300w\" sizes=\"auto, (max-width: 599px) 100vw, 599px\" \/><figcaption>Tertulia con el Grupo Nueva Arquitectura (GNA)<\/figcaption><\/figure>\n<\/div>\n\n\n<p>Compartiremos con las fundadoras: Sheila L\u00f3pez, Edda Grull\u00f3n, Nouris Bello, \u00c1ngela Burgos y F\u00e1tima Karam; adem\u00e1s de los que siguieron con la idea y la desarrollaron: Omar Rancier, Emilio Brea y luego Gustavo Mor\u00e9. Otros m\u00e1s fueron parte del Grupo en alg\u00fan momento: Raffy Lantigua, Manuel Pujols, Enrique Corad\u00edn, Rosa Checo, Martha Gonz\u00e1lez, Kitty N\u00fa\u00f1ez, Riqui Mej\u00eda y Pedro Berroa, entre otros.<\/p>\n\n\n\n<p>La Tertulia fu\u00e9 el mi\u00e9rcoles 13 de noviembre de 2013, a las 7:30 PM, en la sede de Spectro Lighting ubicada en la calle Haim L\u00f3pez Penha no. 11, Ensanche Para\u00edso, detr\u00e1s de Santo Domingo Motors<\/p>\n\n\n\n<p><\/p>\n","protected":false},"excerpt":{"rendered":"<p>Por primera vez el grupo original de 1979 se presentar\u00f3 en un escenario para compartir sus motivaciones para formar el grupo, sus ideales y compromisos, as\u00ed como las experiencias acumuladas a lo largo de estos treinta y cuatro a\u00f1os de permanencia. Compartiremos con las fundadoras: Sheila L\u00f3pez, Edda Grull\u00f3n, Nouris Bello, \u00c1ngela Burgos y F\u00e1tima [&hellip;]<\/p>\n","protected":false},"author":1,"featured_media":21,"comment_status":"closed","ping_status":"closed","sticky":false,"template":"","format":"standard","meta":{"footnotes":""},"categories":[6,10],"tags":[],"class_list":["post-22","post","type-post","status-publish","format-standard","has-post-thumbnail","hentry","category-eventos","category-tertulias"],"_links":{"self":[{"href":"https:\/\/fundacionpalm.org\/index.php\/wp-json\/wp\/v2\/posts\/22","targetHints":{"allow":["GET"]}}],"collection":[{"href":"https:\/\/fundacionpalm.org\/index.php\/wp-json\/wp\/v2\/posts"}],"about":[{"href":"https:\/\/fundacionpalm.org\/index.php\/wp-json\/wp\/v2\/types\/post"}],"author":[{"embeddable":true,"href":"https:\/\/fundacionpalm.org\/index.php\/wp-json\/wp\/v2\/users\/1"}],"replies":[{"embeddable":true,"href":"https:\/\/fundacionpalm.org\/index.php\/wp-json\/wp\/v2\/comments?post=22"}],"version-history":[{"count":5,"href":"https:\/\/fundacionpalm.org\/index.php\/wp-json\/wp\/v2\/posts\/22\/revisions"}],"predecessor-version":[{"id":314,"href":"https:\/\/fundacionpalm.org\/index.php\/wp-json\/wp\/v2\/posts\/22\/revisions\/314"}],"wp:featuredmedia":[{"embeddable":true,"href":"https:\/\/fundacionpalm.org\/index.php\/wp-json\/wp\/v2\/media\/21"}],"wp:attachment":[{"href":"https:\/\/fundacionpalm.org\/index.php\/wp-json\/wp\/v2\/media?parent=22"}],"wp:term":[{"taxonomy":"category","embeddable":true,"href":"https:\/\/fundacionpalm.org\/index.php\/wp-json\/wp\/v2\/categories?post=22"},{"taxonomy":"post_tag","embeddable":true,"href":"https:\/\/fundacionpalm.org\/index.php\/wp-json\/wp\/v2\/tags?post=22"}],"curies":[{"name":"wp","href":"https:\/\/api.w.org\/{rel}","templated":true}]}}